[{"@context":"https:\/\/schema.org\/","@type":"Article","@id":"https:\/\/www.scancore.cz\/co-s-sebou-zabalit-pod-stan\/#Article","mainEntityOfPage":"https:\/\/www.scancore.cz\/co-s-sebou-zabalit-pod-stan\/","headline":"Co s sebou zabalit pod stan?","name":"Co s sebou zabalit pod stan?","description":"Pl\u00e1nujete dovolenou v tuzemsku? Je to skv\u011bl\u00e1 p\u0159\u00edle\u017eitost jak str\u00e1vit \u010das s rodinou nebo p\u0159\u00e1teli. Pro\u010d se zbyte\u010dn\u011b trm\u00e1cet tis\u00edce kilometr\u016f na p\u0159epln\u011bnou pl\u00e1\u017e, kdy\u017e [&hellip;]","datePublished":"2020-02-05","dateModified":"2023-04-29","author":{"@type":"Person","@id":"https:\/\/www.scancore.cz\/author\/#Person","name":"scancore.cz\n","url":"https:\/\/www.scancore.cz\/author\/","identifier":1,"image":{"@type":"ImageObject","@id":"https:\/\/secure.gravatar.com\/avatar\/aa13f0f1a5b61a2deba1492ce3bb4afe8e77d91eeb44c23db0ee08765a93abad?s=96&d=mm&r=g","url":"https:\/\/secure.gravatar.com\/avatar\/aa13f0f1a5b61a2deba1492ce3bb4afe8e77d91eeb44c23db0ee08765a93abad?s=96&d=mm&r=g","height":96,"width":96}},"publisher":{"@type":"Organization","name":"scancore.cz","logo":{"@type":"ImageObject","@id":"\/logo.png","url":"\/logo.png","width":600,"height":60}},"image":{"@type":"ImageObject","@id":"https:\/\/www.scancore.cz\/wp-content\/uploads\/img_a375300_w1893_t1587027850.jpg","url":"https:\/\/www.scancore.cz\/wp-content\/uploads\/img_a375300_w1893_t1587027850.jpg","height":0,"width":0},"url":"https:\/\/www.scancore.cz\/co-s-sebou-zabalit-pod-stan\/","about":["V\u00fdrobky"],"wordCount":433,"articleBody":"      Pl\u00e1nujete dovolenou v tuzemsku? Je to skv\u011bl\u00e1 p\u0159\u00edle\u017eitost jak str\u00e1vit \u010das s rodinou nebo p\u0159\u00e1teli. Pro\u010d se zbyte\u010dn\u011b trm\u00e1cet tis\u00edce kilometr\u016f na p\u0159epln\u011bnou pl\u00e1\u017e, kdy\u017e m\u016f\u017eete objevovat kr\u00e1sy \u010desk\u00e9ho r\u00e1je, p\u0159ehrad, jezer nebo hor. I u n\u00e1s m\u016f\u017eete b\u011bhem l\u00e9ta pro\u017e\u00edt \u0159adu nezapomenuteln\u00fdch z\u00e1\u017eitk\u016f, na kter\u00e9 budete s \u00fasm\u011bvem vzpom\u00ednat i po letech. Pokud v\u0161ak pl\u00e1nujete str\u00e1vit dovolenou pod stanem, je pot\u0159eba se je\u0161t\u011b p\u0159ed odjezdem \u0159\u00e1dn\u011b p\u0159ipravit. Pakli\u017ee nejste \u00fapln\u011b zb\u011bhl\u00ed v dovolen\u00e9 v podobn\u00e9m stylu, jist\u011b se v\u00e1m pro za\u010d\u00e1tek bude hodit n\u011bkolik u\u017eite\u010dn\u00fdch rad, co s sebou p\u0159ibalit a bez \u010deho se naopak v campu obejdete. V p\u0159\u00edpad\u011b, kdy chcete tr\u00e1vit dovolenou n\u011bkde v campu, nezapome\u0148te na to nejd\u016fle\u017eit\u011bj\u0161\u00ed \u2013 j\u00edzdn\u00ed kola. Dlouh\u00e9 cyklov\u00fdlety jsou trefou do \u010dern\u00e9ho. J\u00edzdn\u00ed kolo je nav\u00edc skv\u011bl\u00fd prost\u0159edek v p\u0159\u00edpad\u011b, kdy chcete popojet k nejbli\u017e\u0161\u00edmu koupali\u0161ti nebo obchodu se sm\u00ed\u0161en\u00fdm zbo\u017e\u00edm. Pro snadnou p\u0159epravu j\u00edzdn\u00edch kol na del\u0161\u00ed vzd\u00e1lenosti se rozhodn\u011b neobejdete bez dr\u017e\u00e1ku na kola na ta\u017en\u00e9 za\u0159\u00edzen\u00ed. Balen\u00ed bez stresu Seznam nezbytn\u00fdch v\u011bc\u00ed je p\u0159i balen\u00ed v\u017edy to nejd\u016fle\u017eit\u011bj\u0161\u00ed, U\u017e n\u011bkolik dn\u00ed dop\u0159edu si sepi\u0161te bod po bodu ty nejd\u016fle\u017eit\u011bj\u0161\u00ed v\u011bci, tak aby v\u00e1s pozd\u011bji p\u0159i balen\u00ed nic nep\u0159ekvapilo. Jsme n\u00e1rod kutil\u016f a tak si v p\u0159\u00edpad nouze dok\u00e1\u017ee v\u017edycky poradit, ale jak se \u0159\u00edk\u00e1, \u0161t\u011bst\u00ed p\u0159eje p\u0159ipraven\u00fdm. I kdy\u017e se spoustu v\u011bc\u00ed d\u00e1 dokoupit a\u017e na m\u00edst\u011b nebo p\u0159\u00edpadn\u011b p\u016fj\u010dit p\u0159\u00edmo v campu, rad\u011bji na tuto mo\u017enost nespol\u00e9hejte. Pokud nepodcen\u00edte p\u0159\u00edpravu, dovolenou si o to v\u00edc posl\u00e9ze u\u017eijete. Stanovat se nemus\u00edte ani s men\u0161\u00edmi d\u011btmi, pro kter\u00e9 je ve v\u00fdsledku stanov\u00e1n\u00ed v\u011bt\u0161\u00ed z\u00e1bavou ne\u017e pro dosp\u011bl\u00e9. Pokud p\u0159eci jenom m\u00e1te strach, jak bude d\u00edt\u011b noci ve stanu sn\u00e1\u0161et, postavte stan na zahrad\u011b a vyzkou\u0161ejte si p\u0159esp\u00e1n\u00ed nane\u010disto. Nezapome\u0148te ale p\u0159ibalit i teplej\u0161\u00ed oble\u010den\u00ed, i v l\u00e9t\u011b mohou b\u00fdt n\u011bkter\u00e9 noci chladn\u00e9 a oble\u010den\u00ed se bude je\u0161t\u011b hodit.                                                                                                                                                                                                                                                                                                                                                                                          4.5\/5 - (15 votes)        "},{"@context":"https:\/\/schema.org\/","@type":"BreadcrumbList","itemListElement":[{"@type":"ListItem","position":1,"name":"Co s sebou zabalit pod stan?","item":"https:\/\/www.scancore.cz\/co-s-sebou-zabalit-pod-stan\/#breadcrumbitem"}]}]