[{"@context":"https:\/\/schema.org\/","@type":"Article","@id":"https:\/\/www.scancore.cz\/dotek-prirody-v-kazdem-rocnim-obdobi\/#Article","mainEntityOfPage":"https:\/\/www.scancore.cz\/dotek-prirody-v-kazdem-rocnim-obdobi\/","headline":"Dotek p\u0159\u00edrody v ka\u017ed\u00e9m ro\u010dn\u00edm obdob\u00ed","name":"Dotek p\u0159\u00edrody v ka\u017ed\u00e9m ro\u010dn\u00edm obdob\u00ed","description":"A\u0165 je jaro, l\u00e9to, podzim nebo zima m\u016f\u017eeme si dop\u0159\u00e1t kr\u00e1su p\u0159\u00edrody z\u00a0pohodl\u00ed domova. Zasklen\u00e1 m\u00edstnost, kter\u00e1 je sou\u010d\u00e1st\u00ed Va\u0161eho domu \u2013 Zimn\u00ed zahrada. Slou\u017e\u00ed [&hellip;]","datePublished":"2025-03-06","dateModified":"2023-04-29","author":{"@type":"Person","@id":"https:\/\/www.scancore.cz\/author\/#Person","name":"scancore.cz\n","url":"https:\/\/www.scancore.cz\/author\/","identifier":1,"image":{"@type":"ImageObject","@id":"https:\/\/secure.gravatar.com\/avatar\/aa13f0f1a5b61a2deba1492ce3bb4afe8e77d91eeb44c23db0ee08765a93abad?s=96&d=mm&r=g","url":"https:\/\/secure.gravatar.com\/avatar\/aa13f0f1a5b61a2deba1492ce3bb4afe8e77d91eeb44c23db0ee08765a93abad?s=96&d=mm&r=g","height":96,"width":96}},"publisher":{"@type":"Organization","name":"scancore.cz","logo":{"@type":"ImageObject","@id":"\/logo.png","url":"\/logo.png","width":600,"height":60}},"image":{"@type":"ImageObject","@id":"https:\/\/www.scancore.cz\/wp-content\/uploads\/img_a288528_w1893_t1498857404.jpg","url":"https:\/\/www.scancore.cz\/wp-content\/uploads\/img_a288528_w1893_t1498857404.jpg","height":0,"width":0},"url":"https:\/\/www.scancore.cz\/dotek-prirody-v-kazdem-rocnim-obdobi\/","about":["D\u016fm a zahrada"],"wordCount":403,"articleBody":"A\u0165 je jaro, l\u00e9to, podzim nebo zima m\u016f\u017eeme si dop\u0159\u00e1t kr\u00e1su p\u0159\u00edrody z\u00a0pohodl\u00ed domova. Zasklen\u00e1 m\u00edstnost, kter\u00e1 je sou\u010d\u00e1st\u00ed Va\u0161eho domu \u2013 Zimn\u00ed zahrada. Slou\u017e\u00ed jako obytn\u00e1, relaxa\u010dn\u00ed nebo dekora\u010dn\u00ed m\u00edstnost pln\u00e1 r\u016fzn\u00fdch dopl\u0148k\u016f nebo rostlin. V\u00a0l\u00e9t\u011b je v\u00a0zimn\u00ed zahrad\u011b v\u011bt\u0161\u00ed teplo, ale to se d\u00e1 snadno vy\u0159e\u0161it sklem, kter\u00e9 se d\u00e1 posouvat nebo co nejv\u00edce otev\u0159\u00edt, abychom zimn\u00ed zahradu p\u0159etvo\u0159ili na letn\u00ed terasu.Modern\u00ed n\u00e1hra\u017ekou skla jsou pevn\u00e9 a odoln\u00e9 polykarbon\u00e1ty, kter\u00e9 jsou pevn\u011bj\u0161\u00ed ne\u017e sklo.\u00a0P\u0159\u00edroda na dlani\u00a0Zimn\u00ed zahrada roz\u0161i\u0159uje obytnou \u010d\u00e1st domu, ale p\u0159edev\u0161\u00edm udr\u017euje kontakt \u010dlov\u011bka s\u00a0p\u0159\u00edrodou. V\u00a0jak\u00e9mkoli ro\u010dn\u00edm obdob\u00ed m\u016f\u017eete relaxovat, \u010d\u00edst knihu, pop\u00edjet s\u00a0p\u0159\u00e1teli, p\u011bstovat kv\u011btiny a m\u00edt na dohled kr\u00e1sy p\u0159\u00edrody u domu nebo rozhled do Va\u0161\u00ed zahrady. \u00a0P\u0159i sn\u00eddani V\u00e1s p\u0159iv\u00edt\u00e1 slunce a budete pln\u00ed energie, j\u00eddelna v\u00a0zimn\u00ed zahrad\u011b je obl\u00edben\u00fd m\u00f3dn\u00ed trend. Tak\u00e9 rostlin\u00e1m a p\u0159edev\u0161\u00edm bylink\u00e1m se v\u00a0zimn\u00edch zahrad\u00e1ch da\u0159\u00ed, kdo by necht\u011bl m\u00edt sv\u00e9 vlastn\u00ed bylinkov\u00e9 kr\u00e1lovstv\u00ed p\u0159\u00edmo v\u00a0dom\u011b.\u00a0Pro\u010d m\u00edt zimn\u00ed zahradu?\u00a0\u00b7\u00a0\u00a0\u00a0\u00a0\u00a0\u00a0\u00a0\u00a0 roz\u0161\u00ed\u0159\u00ed V\u00e1\u0161 d\u016fm o dal\u0161\u00ed m\u00edstnost\u00b7\u00a0\u00a0\u00a0\u00a0\u00a0\u00a0\u00a0\u00a0 jste v\u00a0kontaktu s\u00a0p\u0159\u00edrodou v\u00a0ka\u017ed\u00e9m ro\u010dn\u00edm obdob\u00ed\u00b7\u00a0\u00a0\u00a0\u00a0\u00a0\u00a0\u00a0\u00a0 skv\u011bl\u00e1 m\u00edstnost na relaxaci, odpo\u010dinek a na tr\u00e1ven\u00ed voln\u00e9ho \u010dasu s rodinou\u00b7\u00a0\u00a0\u00a0\u00a0\u00a0\u00a0\u00a0\u00a0 odd\u011bl\u00e1 a prostorn\u00e1 m\u00edstnost na ve\u010d\u00edrky a posezen\u00ed s\u00a0p\u0159\u00e1teli\u00b7\u00a0\u00a0\u00a0\u00a0\u00a0\u00a0\u00a0\u00a0 \u00fa\u017easn\u00e9 klimatick\u00e9 podm\u00ednky pro p\u011bstov\u00e1n\u00ed rostlin, p\u0159edev\u0161\u00edm bylinek\u00b7\u00a0\u00a0\u00a0\u00a0\u00a0\u00a0\u00a0\u00a0 zv\u011bt\u0161en\u00ed kuchyn\u011b o j\u00eddelnu, r\u00e1no V\u00e1s p\u0159iv\u00edt\u00e1 slunce a zp\u011bv pt\u00e1k\u016f\u00a0Kdy\u017e se rozhodnete, vybudovat zimn\u00ed zahradu pora\u010fte se s\u00a0profesion\u00e1ly, \u0159ekne V\u00e1m kam nejl\u00e9pe um\u00edstit Va\u0161i prosklenou m\u00edstnost.\u00a0 M\u011bl by b\u00fdt schopen V\u00e1m \u0159\u00edct, zda nenav\u00fd\u0161\u00edte vlhkost a teplo vzduchu, kv\u016fli prosperit\u011b domu a Va\u0161eho zdrav\u00ed. Proberete spolu zasklen\u00ed, posuvn\u00e9 \u010d\u00e1sti a mnoho dal\u0161\u00edch vychyt\u00e1vek. Ka\u017ed\u00fd m\u00e1 r\u00e1d p\u0159\u00edrodu a m\u00edt mo\u017enost ka\u017ed\u00fd den tr\u00e1vit \u010das s\u00a0p\u0159\u00edrodou, by\u0165 jen za\u00a0oknem? To je sen!\u00a0                                                                                                                                                                                                                                                                                                                                                                                        4\/5 - (3 votes)        "},{"@context":"https:\/\/schema.org\/","@type":"BreadcrumbList","itemListElement":[{"@type":"ListItem","position":1,"name":"Dotek p\u0159\u00edrody v ka\u017ed\u00e9m ro\u010dn\u00edm obdob\u00ed","item":"https:\/\/www.scancore.cz\/dotek-prirody-v-kazdem-rocnim-obdobi\/#breadcrumbitem"}]}]