[{"@context":"https:\/\/schema.org\/","@type":"Article","@id":"https:\/\/www.scancore.cz\/proc-se-mladym-lidem-nechce-pracovat\/#Article","mainEntityOfPage":"https:\/\/www.scancore.cz\/proc-se-mladym-lidem-nechce-pracovat\/","headline":"Pro\u010d se mlad\u00fdm lidem nechce pracovat","name":"Pro\u010d se mlad\u00fdm lidem nechce pracovat","description":"V \u010cech\u00e1ch je mo\u017enost chodit na brig\u00e1du ji\u017e od 15ti let (krom\u011b no\u010dn\u00edch sm\u011bn, ty mohou mlad\u00ed lid\u00e9 vykon\u00e1vat a\u017e po dovr\u0161en\u00ed 18t\u00e9ho roku), nab\u00edz\u00ed [&hellip;]","datePublished":"2023-04-29","dateModified":"2023-04-29","author":{"@type":"Person","@id":"https:\/\/www.scancore.cz\/author\/#Person","name":"scancore.cz\n","url":"https:\/\/www.scancore.cz\/author\/","identifier":1,"image":{"@type":"ImageObject","@id":"https:\/\/secure.gravatar.com\/avatar\/aa13f0f1a5b61a2deba1492ce3bb4afe8e77d91eeb44c23db0ee08765a93abad?s=96&d=mm&r=g","url":"https:\/\/secure.gravatar.com\/avatar\/aa13f0f1a5b61a2deba1492ce3bb4afe8e77d91eeb44c23db0ee08765a93abad?s=96&d=mm&r=g","height":96,"width":96}},"publisher":{"@type":"Organization","name":"scancore.cz","logo":{"@type":"ImageObject","@id":"\/logo.png","url":"\/logo.png","width":600,"height":60}},"url":"https:\/\/www.scancore.cz\/proc-se-mladym-lidem-nechce-pracovat\/","about":["Finance"],"wordCount":417,"articleBody":"V \u010cech\u00e1ch je mo\u017enost chodit na brig\u00e1du ji\u017e od 15ti let (krom\u011b no\u010dn\u00edch sm\u011bn, ty mohou mlad\u00ed lid\u00e9 vykon\u00e1vat a\u017e po dovr\u0161en\u00ed 18t\u00e9ho roku), nab\u00edz\u00ed je spousta firem v\u010detn\u011b agentur, kter\u00e9 dokonce nab\u00edzej\u00ed expresn\u00ed v\u00fdplaty apod.\u010ce\u0161t\u00ed mlad\u00ed lid\u00e9 se v\u0161ak do pr\u00e1ce nehrnou, na brig\u00e1du podle statistik chod\u00ed zhruba ka\u017ed\u00fd dvac\u00e1t\u00fd mlad\u00fd \u010dlov\u011bk pod 18 let.P\u0159itom chozen\u00edm na brig\u00e1du by si mlad\u00fd \u010dlov\u011bk v\u00edce uv\u011bdomil hodnotu pen\u011bz, ale tak\u00e9 mohou z\u00edskat v\u011bt\u0161\u00ed sebev\u011bdom\u00ed, kdy\u017e dan\u00fd \u00fakol zvl\u00e1dnou.V tomhle by je m\u011bli sv\u00fdm zp\u016fsobem podporovat i rodi\u010de, pokud chce mladistv\u00fd zna\u010dkov\u00e9 oble\u010den\u00ed, je dobr\u00e9 mu \u0159\u00edci, ano, p\u0159isp\u011bjeme Ti, ale Ty p\u016fjde\u0161 z\u00e1rove\u0148 na brig\u00e1du, a polovinu si zaplat\u00ed\u0161, bude si dan\u00e9 v\u011bci v\u00e1\u017eit mnohem v\u00edce, ne\u017e kdy\u017e mu ji jen tak koup\u00edte.Nen\u00ed dobr\u00fdm startem do \u017eivota v\u011b\u010dn\u011b sv\u00fdm potomk\u016fm umetat cesti\u010dku, v\u0161echno mu dop\u0159\u00e1t, koupit apod.Pokud m\u00e1 mlad\u00fd \u010dlov\u011bk nastoupit s\u00e1m a je nejist\u00fd, je dobr\u00e9, pokud by na brig\u00e1du nastoupil z\u00e1rove\u0148 s kamar\u00e1dem nebo kamar\u00e1dkou, mohou se v pr\u00e1ci p\u0159edh\u00e1n\u011bt, ale tak\u00e9 se navz\u00e1jem \u201ezanad\u00e1vat\u201c, kam, \u017ee je to rodi\u010de poslali.Nechu\u0165 pracovat nemaj\u00ed ov\u0161em jen mladistv\u00ed, p\u0159eva\u017euje u lid\u00ed v\u011bt\u0161inou a\u017e do 25 let, do t\u00e9 doby se nej\u010dast\u011bji setk\u00e1te s tvrzen\u00edm, \u017ee budou rad\u011bji studovat ne\u017e \u201ed\u011blat n\u011bkde ve fabrice\u201c.\u00da\u0159ady pr\u00e1ce po cel\u00e9 \u010cesk\u00e9 republice potvrdily, \u017ee nej\u010dast\u011bji tato v\u011bkov\u00e1 kategorie se nej\u010dast\u011bji vymlouv\u00e1 na probl\u00e9my v rodin\u011b, zdravotn\u00ed probl\u00e9my, pro\u010d zrovna tuhle pr\u00e1ci nemohou vz\u00edt apod.Tihle mlad\u00ed lid\u00e9 jsou nejv\u00edce ovlivn\u011bni rodi\u010di, kte\u0159\u00ed jsou sami nezam\u011bstnan\u00ed a \u017eij\u00ed ze soci\u00e1ln\u00ed podpory nebo ze soci\u00e1ln\u00edch d\u00e1vek a jsou mlad\u00fdm lidem \u0161patn\u00fdm p\u0159\u00edkladem. Ti v tom p\u0159\u00edpad\u011b, \u017ee u\u017e jsou donuceni n\u011bjakou pr\u00e1ci vz\u00edt, d\u011blaj\u00ed v\u0161e pro to, aby je z pr\u00e1ce propustili a kon\u010d\u00ed op\u011bt na \u00da\u0159adu pr\u00e1ce.Dne\u0161n\u00ed mlad\u00ed lid\u00e9 maj\u00ed dost pen\u011bz od rodi\u010d\u016f a chyb\u00ed jim motivace, v tom je nejhlavn\u011bj\u0161\u00ed probl\u00e9m.                                                                                                                                                                                                                                                                                                                                                                                        3.7\/5 - (12 votes)        "},{"@context":"https:\/\/schema.org\/","@type":"BreadcrumbList","itemListElement":[{"@type":"ListItem","position":1,"name":"Pro\u010d se mlad\u00fdm lidem nechce pracovat","item":"https:\/\/www.scancore.cz\/proc-se-mladym-lidem-nechce-pracovat\/#breadcrumbitem"}]}]